{"id":705,"date":"2012-02-10T19:10:23","date_gmt":"2012-02-10T18:10:23","guid":{"rendered":"http:\/\/yorg.robi.to\/?p=705"},"modified":"2016-11-08T08:39:53","modified_gmt":"2016-11-08T07:39:53","slug":"705","status":"publish","type":"post","link":"http:\/\/yorg.robi.to\/?p=705","title":{"rendered":"Opryskliwe traktowanie"},"content":{"rendered":"<p>W naszym kr\u0119gu wi\u0119kszo\u015b\u0107 z tego, co wydaje si\u0119 nieuprzejmo\u015bci\u0105 i opryskliwo\u015bci\u0105, nie wynika z ch\u0119ci obra\u017cenia kogokolwiek. Raczej jest to efekt bezpo\u015bredniego, oczyszczonego z g\u0142upot stylu komunikacji, naturalnego dla ludzi, kt\u00f3rzy bardziej koncentruj\u0105 si\u0119 na rozwi\u0105zaniu problemu, ni\u017c tworzeniu sympatycznego i mi\u0142ego nastroju.<\/p>\n<p><span>(Niekt\u00f3rzy ludzie twierdz\u0105, \u017ce wielu z nas ma \u0142agodn\u0105 form\u0119 autyzmu lub zespo\u0142u Aspergera, \u017ce brakuje nam cz\u0119\u015bci m\u00f3zgu odpowiadaj\u0105cych za 'normalne&#8217; relacje mi\u0119dzyludzkie. Mo\u017ce to prawda, mo\u017ce nie. Je\u015bli nie jeste\u015b jednym z nas, taki pomys\u0142 mo\u017ce pom\u00f3c Ci znosi\u0107 nasz\u0105 ekscentryczno\u015b\u0107. Prosimy bardzo. Nie dbamy o to, lubimy siebie, kimkolwiek jeste\u015bmy &#8211; generalnie mamy dystans do przyklejanych ludziom \u0142atek wariat\u00f3w.)<\/span><\/p>\n<p style=\"text-align: right;\"><em>\u017ar\u00f3d\u0142o: RTFM-Team<\/em><\/p>\n<p style=\"text-align: left;\">Wi\u0119c w porz\u0105dku, to tylko choroba zawodowa lub&#8230; \u0142agodny asperger&#8230; Uff&#8230;<\/p>\n","protected":false},"excerpt":{"rendered":"<p>W naszym kr\u0119gu wi\u0119kszo\u015b\u0107 z tego, co wydaje si\u0119 nieuprzejmo\u015bci\u0105 i opryskliwo\u015bci\u0105, nie wynika z ch\u0119ci obra\u017cenia kogokolwiek. Raczej jest to efekt bezpo\u015bredniego, oczyszczonego z g\u0142upot stylu komunikacji, naturalnego dla ludzi, kt\u00f3rzy bardziej koncentruj\u0105 si\u0119 na rozwi\u0105zaniu problemu, ni\u017c tworzeniu sympatycznego i mi\u0142ego nastroju. (Niekt\u00f3rzy ludzie twierdz\u0105, \u017ce wielu z nas ma \u0142agodn\u0105 form\u0119 autyzmu [&#038;hellip<\/p>\n","protected":false},"author":1,"featured_media":0,"comment_status":"open","ping_status":"closed","sticky":false,"template":"","format":"standard","meta":{"footnotes":""},"categories":[35,4],"tags":[21,9,75],"class_list":["post-705","post","type-post","status-publish","format-standard","hentry","category-humorki","category-praca","tag-bzdury","tag-humor","tag-praca"],"_links":{"self":[{"href":"http:\/\/yorg.robi.to\/index.php?rest_route=\/wp\/v2\/posts\/705","targetHints":{"allow":["GET"]}}],"collection":[{"href":"http:\/\/yorg.robi.to\/index.php?rest_route=\/wp\/v2\/posts"}],"about":[{"href":"http:\/\/yorg.robi.to\/index.php?rest_route=\/wp\/v2\/types\/post"}],"author":[{"embeddable":true,"href":"http:\/\/yorg.robi.to\/index.php?rest_route=\/wp\/v2\/users\/1"}],"replies":[{"embeddable":true,"href":"http:\/\/yorg.robi.to\/index.php?rest_route=%2Fwp%2Fv2%2Fcomments&post=705"}],"version-history":[{"count":12,"href":"http:\/\/yorg.robi.to\/index.php?rest_route=\/wp\/v2\/posts\/705\/revisions"}],"predecessor-version":[{"id":1437,"href":"http:\/\/yorg.robi.to\/index.php?rest_route=\/wp\/v2\/posts\/705\/revisions\/1437"}],"wp:attachment":[{"href":"http:\/\/yorg.robi.to\/index.php?rest_route=%2Fwp%2Fv2%2Fmedia&parent=705"}],"wp:term":[{"taxonomy":"category","embeddable":true,"href":"http:\/\/yorg.robi.to\/index.php?rest_route=%2Fwp%2Fv2%2Fcategories&post=705"},{"taxonomy":"post_tag","embeddable":true,"href":"http:\/\/yorg.robi.to\/index.php?rest_route=%2Fwp%2Fv2%2Ftags&post=705"}],"curies":[{"name":"wp","href":"https:\/\/api.w.org\/{rel}","templated":true}]}}